{"id":3344,"date":"2017-05-04T14:56:28","date_gmt":"2017-05-04T14:56:28","guid":{"rendered":"http:\/\/www.haactogo.tg\/?p=3344"},"modified":"2017-05-04T14:56:28","modified_gmt":"2017-05-04T14:56:28","slug":"revue-de-presse-n-865-du-04-mai-2017","status":"publish","type":"post","link":"https:\/\/www.haactogo.tg\/?p=3344","title":{"rendered":"Revue de presse N\u00b0 865 du 04 mai 2017"},"content":{"rendered":"<p>Dans leur livraison du jour, les publications \u00e9voquent la c\u00e9l\u00e9bration hier de la journ\u00e9e internationale de la libert\u00e9 de presse. Elles reviennent \u00e9galement sur le deuxi\u00e8me colloque organis\u00e9 par le CAP 2015 sur l\u2019alternance politique en Afrique et la visite de Nana Akufo-Addo \u00e0 Lom\u00e9.<\/p>\n<p>\uf0d8\uf020Journ\u00e9e internationale de la libert\u00e9 de presse au Togo<\/p>\n<p>Le th\u00e8me retenu cette ann\u00e9e est : \u00ab Des esprits critiques pour des temps critiques : le r\u00f4le des m\u00e9dias dans la promotion de soci\u00e9t\u00e9s pacifiques, justes et inclusives \u00bb. Au Togo, l\u2019\u00e9v\u00e8nement a \u00e9t\u00e9 marqu\u00e9 par une conf\u00e9rence d\u00e9bat organis\u00e9e hier \u00e0 la Maison de la presse par l\u2019Union des Journalistes Ind\u00e9pendants du Togo  et dont l\u2019ouverture a \u00e9t\u00e9 assur\u00e9e par le pr\u00e9sident de la HAAC. <\/p>\n<p>Dans son discours de circonstance, M. Pitang Tchalla a exhort\u00e9 les acteurs du monde de la communication \u00e0 faire preuve de responsabilit\u00e9 dans l\u2019exercice de leur profession et surtout \u00e0 relever les d\u00e9fis li\u00e9s \u00e0 l\u2019ind\u00e9pendance de leur m\u00e9tier, \u00e0 la professionnalisation, \u00e0 la bonne gouvernance, \u00e0 la d\u00e9ontologie et \u00e0 l\u2019\u00e9thique ainsi qu\u2019aux technologies de l\u2019information et de la Communication.<\/p>\n<p>Avant le d\u00e9marrage de cette conf\u00e9rence d\u00e9bat, un rapport sur l\u2019\u00e9tat de la presse togolaise de mai 2016 \u00e0 mai 2017 a \u00e9t\u00e9 pr\u00e9sent\u00e9 par l\u2019Observatoire Togolais des M\u00e9dias. Selon le document, \u00e9crivent \u2018\u2019Echos du Pays\u2019\u2019, \u00ab la presse togolaise \u00e9volue dans un cadre juridique des plus lib\u00e9raux d\u2019Afrique francophone avec un code de la presse et de la Communication d\u00e9p\u00e9nalis\u00e9 depuis 2004 \u00bb. Seulement, explique l\u2019OTM, \u00ab les acteurs, praticiens et r\u00e9gulateurs g\u00e8rent approximativement cette situation \u00bb. Cons\u00e9quence, c\u2019est la porte ouverture aux d\u00e9rapages de toute sorte, \u00e0 l\u2019amateurisme et \u00e0 la remise en cause de la r\u00e8gle de la confraternit\u00e9.<\/p>\n<p>\u2018\u2019Waraa les Vainqueurs\u2019\u2019 s\u2019int\u00e9ressent \u00e9galement au sujet. Ils ajoutent qu\u2019il ressort du rapport dress\u00e9 par le tribunal des pairs que le Togo a marqu\u00e9 une avance cette ann\u00e9e en passant de la 88\u00e8 \u00e0 la 86\u00e8 place en mati\u00e8re de respect de la libert\u00e9 de presse, selon le classement de Reporter sans Fronti\u00e8res. Mais pas seulement. Tout comme l\u2019UJIT, l\u2019OTM d\u00e9plore cependant des points noirs dans l\u2019environnement m\u00e9diatique avec le retrait des fr\u00e9quences \u00e0 LCF et \u00e0 City FM ainsi que les violences subies par certains journalistes dans l\u2019exercice de leur m\u00e9tier. <\/p>\n<p>\u2018\u2019Togomatin\u2019\u2019 lui, fait observer que les revenus tir\u00e9s de la vente des journaux se r\u00e9v\u00e8lent insuffisants pour la plupart des tablo\u00efds, \u00ab d\u2019o\u00f9 parfois le recours \u00e0 des tiers pour supporter le fonctionnement d\u2019une parution \u00bb. Cette pratique est un v\u00e9ritable \u00ab handicap de la presse togolaise qui tarde \u00e0 prendre son envol pour devenir r\u00e9ellement une presse libre et ind\u00e9pendante \u00bb, insiste le bihebdomadaire.<\/p>\n<p>\uf0d8\uf0202\u00e8 \u00e9dition du colloque du CAP 2015<\/p>\n<p>Ce rendez-vous d\u00e9di\u00e9 \u00e0 l\u2019alternance politique en Afrique s\u2019est achev\u00e9 en fin de semaine derni\u00e8re \u00e0 Lom\u00e9 avec de \u00ab grandes r\u00e9solutions et recommandations \u00bb que publie \u2018\u2019Le Correcteur\u2019\u2019. Entre autres, l\u2019exhortation \u00e0 \u00ab faire face \u00e0 l\u2019oppression de r\u00e9gimes autocratiques \u00bb et la mobilisation pour obtenir les r\u00e9formes. Le bihebdomadaire donne \u00e9galement la parole \u00e0 l\u2019un des pan\u00e9listes de cette rencontre, Francis Kpatind\u00e9. L\u2019ancien directeur de la r\u00e9daction de Jeune Afrique vante les bienfaits et vertus de la d\u00e9mocratie. <\/p>\n<p>Pour leur part \u2018\u2019Waraa les Vainqueurs\u2019\u2019 jettent un regard inquisiteur sur le contenu m\u00eame de ce colloque pour faire constater que sa trame de fond n\u2019a pas vari\u00e9 d\u2019un iota par rapport \u00e0 celle de la premi\u00e8re \u00e9dition. Le confr\u00e8re en conclut que le chef de file de l\u2019opposition \u00ab n\u2019a plus rien \u00e0 offrir aux Togolais \u00bb, d\u2019o\u00f9 cet appel \u00e0 Jean-Pierre Fabre de \u00ab se cacher pour un temps afin de m\u00e9diter sur la strat\u00e9gie efficace \u00bb de conqu\u00eate du pouvoir.<\/p>\n<p>Il faut pr\u00e9ciser que Francis Kpatind\u00e9 s\u2019est \u00e9galement prononc\u00e9 sur les deux programmes parall\u00e8les \u00e9labor\u00e9s \u00e0 l\u2019occasion de la c\u00e9l\u00e9bration du 57\u00e8 anniversaire de l\u2019ind\u00e9pendance du Togo. Un seul discours, en l\u2019occurrence celui du pr\u00e9sident de la R\u00e9publique aurait d\u00fb suffire, a-t-il opin\u00e9, mais cela n\u2019a pas \u00e9t\u00e9 le cas. Toute chose qui fait dire \u00e0 \u2018\u2019Echos du Pays\u2019\u2019 que \u00ab le fait de comm\u00e9morer dans la division cette f\u00eate hautement symbolique pour la nation togolaise, t\u00e9moigne malheureusement le degr\u00e9 de m\u00e9fiance, de haine et de m\u00e9sentente au sein de la classe politique togolaise \u00bb. <\/p>\n<p>De son c\u00f4t\u00e9, \u2018\u2019Libert\u00e9\u2019\u2019 revient sur l\u2019adresse du Chef de l\u2019Etat \u00e0 la nation \u00e0 l\u2019occasion de l\u2019accession du Togo \u00e0 la souverainet\u00e9 internationale. Le quotidien croit savoir que Faure Gnassingb\u00e9 en a profit\u00e9 pour passer un \u00ab message implicite \u00bb qui est en fait \u00ab r\u00e9v\u00e9lateur de son \u00e9tat d\u2019esprit \u00bb. Ce message, rel\u00e8ve le journal c\u2019est \u00ab l\u2019appui sur les forces de d\u00e9fense et de s\u00e9curit\u00e9 \u00bb adoss\u00e9 \u00e0 la \u00ab fermet\u00e9 \u00bb.<\/p>\n<p>Toujours en rapport avec la c\u00e9l\u00e9bration du 57\u00e8 anniversaire de l\u2019ind\u00e9pendance du Togo, \u2018\u2019Libert\u00e9\u2019\u2019 estime que certaines d\u00e9corations posent probl\u00e8me, car leurs b\u00e9n\u00e9ficiaires sont controvers\u00e9s, \u00e0 l\u2019instar du major Kouloun et du ministre Ninaso Gnofam.<\/p>\n<p>Dans le reste de l\u2019actualit\u00e9, les confr\u00e8res abordent la visite \u00e0 Lom\u00e9 de Nana Akufo-Addo qui a \u00e9t\u00e9 naturellement re\u00e7u par son homologue togolais Faure Gnassingb\u00e9. Le pr\u00e9sident Faure et son h\u00f4te ont effectu\u00e9 des visites de terrain au poste de contr\u00f4le juxtapos\u00e9 \u00e0 No\u00e9p\u00e9 et au port Autonome de Lom\u00e9, rappelle \u2018\u2019Togo-Presse\u2019\u2019.<\/p>\n<p>\u2018\u2019Libert\u00e9\u2019\u2019 note que \u00ab le bien \u00e9lu et le mal \u00e9lu sont ensemble \u00bb. C\u2019est une \u00ab le\u00e7on de bonne gouvernance \u00bb qu\u2019a faite le pr\u00e9sident ghan\u00e9en \u00e0 son fr\u00e8re togolais en arrivant dans la capitale togolaise par voie terrestre, indique \u2018\u2019Le Correcteur\u2019\u2019 qui reproche \u00e0 Faure Gnassingb\u00e9 d\u2019\u00eatre le \u00ab symbole d\u2019une gouvernance sans relief \u00bb et de toujours voyager en avion m\u00eame pour aller \u00e0 Atakpam\u00e9, Vogan ou \u00e0 Kpalim\u00e9.<\/p>\n<p>Qu\u2019\u00e0 cela ne tienne, pour sa premi\u00e8re visite officielle, Nana Akufo-Addo a \u00ab choisi \u00bb le Togo, observe \u2018\u2019Chronique de la Semaine\u2019\u2019. Les deux hommes d\u2019Etat sont \u00ab favorables \u00e0 la promotion de l\u2019\u00e9conomie num\u00e9rique \u00bb, souligne \u2018\u2019Togomatin\u2019\u2019.<\/p>\n<p><strong>Le Service de Presse\/HAAC<\/strong><\/p>\n","protected":false},"excerpt":{"rendered":"<p>Dans leur livraison du jour, les publications \u00e9voquent la c\u00e9l\u00e9bration hier de la journ\u00e9e internationale de la libert\u00e9 de presse. Elles reviennent \u00e9galement sur le deuxi\u00e8me colloque organis\u00e9 par le CAP 2015 sur l\u2019alternance politique en Afrique et la visite de Nana Akufo-Addo \u00e0 Lom\u00e9. \uf0d8\uf020Journ\u00e9e internationale de la libert\u00e9 de presse au Togo Le [&hellip;]<\/p>\n","protected":false},"author":15,"featured_media":2546,"comment_status":"open","ping_status":"closed","sticky":false,"template":"","format":"standard","meta":{"footnotes":""},"categories":[1],"tags":[],"class_list":["post-3344","post","type-post","status-publish","format-standard","has-post-thumbnail","hentry","category-non-classe"],"_links":{"self":[{"href":"https:\/\/www.haactogo.tg\/index.php?rest_route=\/wp\/v2\/posts\/3344","targetHints":{"allow":["GET"]}}],"collection":[{"href":"https:\/\/www.haactogo.tg\/index.php?rest_route=\/wp\/v2\/posts"}],"about":[{"href":"https:\/\/www.haactogo.tg\/index.php?rest_route=\/wp\/v2\/types\/post"}],"author":[{"embeddable":true,"href":"https:\/\/www.haactogo.tg\/index.php?rest_route=\/wp\/v2\/users\/15"}],"replies":[{"embeddable":true,"href":"https:\/\/www.haactogo.tg\/index.php?rest_route=%2Fwp%2Fv2%2Fcomments&post=3344"}],"version-history":[{"count":1,"href":"https:\/\/www.haactogo.tg\/index.php?rest_route=\/wp\/v2\/posts\/3344\/revisions"}],"predecessor-version":[{"id":3345,"href":"https:\/\/www.haactogo.tg\/index.php?rest_route=\/wp\/v2\/posts\/3344\/revisions\/3345"}],"wp:featuredmedia":[{"embeddable":true,"href":"https:\/\/www.haactogo.tg\/index.php?rest_route=\/wp\/v2\/media\/2546"}],"wp:attachment":[{"href":"https:\/\/www.haactogo.tg\/index.php?rest_route=%2Fwp%2Fv2%2Fmedia&parent=3344"}],"wp:term":[{"taxonomy":"category","embeddable":true,"href":"https:\/\/www.haactogo.tg\/index.php?rest_route=%2Fwp%2Fv2%2Fcategories&post=3344"},{"taxonomy":"post_tag","embeddable":true,"href":"https:\/\/www.haactogo.tg\/index.php?rest_route=%2Fwp%2Fv2%2Ftags&post=3344"}],"curies":[{"name":"wp","href":"https:\/\/api.w.org\/{rel}","templated":true}]}}