{"id":3350,"date":"2017-05-08T12:21:06","date_gmt":"2017-05-08T12:21:06","guid":{"rendered":"http:\/\/www.haactogo.tg\/?p=3350"},"modified":"2017-05-08T12:21:49","modified_gmt":"2017-05-08T12:21:49","slug":"revue-de-presse-n-867-du-08-mai-2017","status":"publish","type":"post","link":"https:\/\/www.haactogo.tg\/?p=3350","title":{"rendered":"Revue de presse N\u00b0 867 du 08 mai 2017"},"content":{"rendered":"<p>Les journaux parus ce lundi reviennent sur le s\u00e9jour du Chef de l\u2019Etat ghan\u00e9en au Togo et sur l\u2019\u00e9lection d\u2019Emmanuel Macron comme 8\u00e8me  Pr\u00e9sident de la 5\u00e8me R\u00e9publique fran\u00e7aise.<\/p>\n<p>Visite du Pr\u00e9sident du Ghana au Togo <\/p>\n<p>\u00ab Faure impassible voit d\u00e9filer les chefs d\u2019Etats ghan\u00e9ens, pointe \u2018\u2019Courrier de la R\u00e9publique\u2019\u2019<\/p>\n<p>Le Chef de l\u2018Etat Faure GNASSINGBE  a re\u00e7u la semaine derni\u00e8re la visite de son homologue ghan\u00e9en, Nana Akufo Ado. Plusieurs activit\u00e9s \u00e9taient au programme de cette visite dont l\u2019inauguration du poste juxtapos\u00e9 de douane construit \u00e0 No\u00e9p\u00e9. Mais pour le journal,  au-del\u00e0 de de cette symbolique qui qui tend \u00e0 montrer l\u2019existence d\u00e9sormais pacifique  des relations de bon voisinage entre les deux pays, une impression de malaise ou d\u2019incompr\u00e9hension se d\u00e9gage. \u00ab Le Chef de l\u2019Etat togolais, arriv\u00e9 au pouvoir en 2005 a connu successivement quatre pr\u00e9sidents ghan\u00e9ens : John Kuffor, Atta Mills, John Mahamat et celui en exercice Nana Akufo Ado. Quatre pr\u00e9sidents en douze ann\u00e9es. \u00bb, analyse-t-il.<\/p>\n<p>\u00ab La visite du pr\u00e9sident ghan\u00e9en doit \u00e9veiller notre sens du patriotisme et la lutte de nos p\u00e8res pour sortir le pays du joug de la servitude, \u00bb, \u00e9crit encore le confr\u00e8re.<\/p>\n<p>\u2018\u2019Togomatin\u2019\u2019 propose pour sa part, tout le film de l\u2019arriv\u00e9e, du s\u00e9jour et du d\u00e9part du Pr\u00e9sident Nana Akufo Ado.<br \/>\n\u00ab Venu par la route, le pr\u00e9sident ghan\u00e9en s\u2019est f\u00e9licit\u00e9 du climat de paix et de s\u00e9curit\u00e9 qui pr\u00e9vaut au Togo ainsi que des progr\u00e8s remarquables enregistr\u00e9s dans les domaines socio\u00e9conomiques notamment celui des infrastructures \u00bb, fait savoir le journal qui ajoute que \u00ab les deux parties ont convenu de relancer et acc\u00e9l\u00e9rer la mise en \u0153uvre du projet transfrontalier d\u2019eau potable Sogakope-Lom\u00e9 \u00bb.<\/p>\n<p>En somme, conclut le confr\u00e8re, dans le pass\u00e9, les relations de bons voisinages avaient \u00e9t\u00e9 quelque peu tendues entre les deux pays. \u00ab Les choses reviennent \u00e0 la normale depuis l\u2019instauration de l\u2019\u00e8re d\u00e9mocratique dans les deux pays et l\u2019avenir augure de bons signes car les deux pays envisagent d\u2019\u00eatre le moteur de l\u2019int\u00e9gration sous r\u00e9gionale. \u00bb<br \/>\n\u2018\u2019Nouvel Opinion\u2019\u2019 pour sa part se fait l\u2019\u00e9cho du communiqu\u00e9 qui a \u00e9t\u00e9 rendu  public \u00e0 l\u2019issue du s\u00e9jour du Pr\u00e9sident Akufo.<\/p>\n<p>\u00ab Le communiqu\u00e9 pr\u00e9cise que, les deux personnalit\u00e9s ont proc\u00e9d\u00e9 \u00e0 des \u00e9changes de vues sur des sujets d\u2019int\u00e9r\u00eat commun d\u2019ordre bilat\u00e9ral, touchant les secteurs de la s\u00e9curit\u00e9, l\u2019immigration, l\u2019agriculture et l\u2019eau, la sant\u00e9, le commerce, l\u2019\u00e9conomie num\u00e9rique, l\u2019environnement, l\u2019\u00e9nergie, le transport et la question des fronti\u00e8res maritimes \u00bb, rapporte l\u2019hebdomadaire.<\/p>\n<p>\u2018\u2019Le Correcteur\u2019\u2019  voit sous un autre angle, cette visite du Pr\u00e9sident ghan\u00e9en au Togo. \u00ab A Aflao, Akufo-Ado a \u00e9t\u00e9 re\u00e7u par le chef traditionnel assis dans son fauteuil royal. A la fronti\u00e8re de Kodjoviakop\u00e9, on aper\u00e7oit des chefs traditionnels du Togo debout sous le chaud soleil saluant avec r\u00e9v\u00e9rence Akufo Ado. La preuve de la d\u00e9cadence morale de la chefferie traditionnelle au Togo \u00bb, \u00e9crit-il.<\/p>\n<p>L\u2019autre d\u00e9sagr\u00e9ment de cette visite du Chef de l\u2019Etat ghan\u00e9en au Togo est que \u00ab plusieurs v\u00e9hicules des togolais dont encore des chefs traditionnels \u00e0 la r\u00e9ception de l\u2019h\u00f4te togolais \u00e0 Aflao ont \u00e9t\u00e9 saisis. \u00bb, relate le confr\u00e8re.<br \/>\nL\u2019autre sujet qui fait la une ce matin est l\u2019\u00e9lection d\u2019Emmanuel Macron comme Pr\u00e9sident de la France.<br \/>\nLes fran\u00e7ais de par le monde se sont rendus aux urnes ce dimanche 07 mai 2017 pour le second tour de l\u2019\u00e9lection pr\u00e9sidentiel pour \u00e9lire Emmanuel Macron, Pr\u00e9sident de la France.<\/p>\n<p>\u00ab Quelle politique africaine de la France ? \u00bb, se demande \u2018\u2019Libert\u00e9\u2019\u2019.<\/p>\n<p> Maintenant que Macron est devenu le nouveau locataire de l\u2019Elys\u00e9e,  commente le quotidien priv\u00e9,  la question qui revient chaque fois sur les l\u00e8vres des Africains concerne  bien entendu l\u2019avenir de la \u2018Fran\u00e7afrique\u2019, \u00ab ce r\u00e9seau mafieux qui assure une long\u00e9vit\u00e9 au pouvoir aux satrapes africains, cautionne un \u00e9tranglement des droits et libert\u00e9s des citoyens africains et promeut le pillage des ressources mini\u00e8res du continent au nom des int\u00e9r\u00eats fran\u00e7ais. \u00bb,<\/p>\n<p>\u2018\u2019Forum de la Semaine\u2019\u2019 publie de son cot\u00e9, une tribune cosign\u00e9e par Jules-Armand Aniambossou , Jean-Michel Severino et Lionel Zinsou. Selon eux, \u00ab avec Emmanuel Macron, la France doit r\u00e9pondre pr\u00e9sent au rendez-vous africain. \u00bb<\/p>\n<p>\u2018\u2019Le Combat du Peuple\u2019\u2019 propose dans ses colonnes, le parcours du nouveau Pr\u00e9sident fran\u00e7ais : \u00ab Il a fait un parcours sans pr\u00e9c\u00e9dent, \u00e0 une vitesse \u00e9poustouflante.\u00bb,  vante le tablo\u00efd.<\/p>\n<p>\u00ab Emmanuel Macron et les \u2018p\u00e9p\u00e9s\u2019 du continent \u00bb, ironise \u2018\u2019Courrier de la R\u00e9publique\u2019\u2019. \u00ab Il pourrait \u00eatre leur petit-fils mais le destin a d\u00e9cid\u00e9 qu\u2019il serait d\u00e9sormais leur \u2018big boss\u2019. Lui c\u2019est Emmanuel Macron, le nouveau pr\u00e9sident \u00e9lu de la R\u00e9publique fran\u00e7aise et eux, ce sont les vieux pr\u00e9sidents du continent africain. \u00bb, relate le journal qui s\u2019est  pr\u00eat\u00e9 \u00e0 un petit jeu de calcul : \u00ab Quand Denis Sassou N\u2019guesso devenait pr\u00e9sident, Macron avait deux ans. Idem pour Dos Santos en Angola et Th\u00e9odoro Obiang N\u2019guema en Guin\u00e9e Equatoriale. \u00bb<\/p>\n<p>Le confr\u00e8re cite \u00e9galement Paul Biya, Robert Mugabe, Idriss Deby qui \u00e9taient d\u00e9j\u00e0 au pouvoir quand Macron \u00ab n\u2019avait que 5 et 13 ans selon les pr\u00e9sidents cit\u00e9s \u00bb<\/p>\n<p>Dans le reste de l\u2019actualit\u00e9, \u2018\u2019Libert\u00e9\u2019\u2019 trouve \u00e0 travers la nomination de Ingrid Awade \u00e0 la t\u00eate de la Caisse Nationale de S\u00e9curit\u00e9 Sociale (CNSS)   \u00ab  des jeux politiques et \u00e9lectoraux cach\u00e9s \u00bb <\/p>\n<p>Au surplus, certaines publications informent que les greffiers seront en gr\u00e8ve les 22, 23 et 24 mai 2017 pour exiger leur statut sp\u00e9cial.<\/p>\n<p><strong>Le Service de Presse\/HAAC<\/strong><\/p>\n","protected":false},"excerpt":{"rendered":"<p>Les journaux parus ce lundi reviennent sur le s\u00e9jour du Chef de l\u2019Etat ghan\u00e9en au Togo et sur l\u2019\u00e9lection d\u2019Emmanuel Macron comme 8\u00e8me Pr\u00e9sident de la 5\u00e8me R\u00e9publique fran\u00e7aise. Visite du Pr\u00e9sident du Ghana au Togo \u00ab Faure impassible voit d\u00e9filer les chefs d\u2019Etats ghan\u00e9ens, pointe \u2018\u2019Courrier de la R\u00e9publique\u2019\u2019 Le Chef de l\u2018Etat Faure [&hellip;]<\/p>\n","protected":false},"author":15,"featured_media":2449,"comment_status":"open","ping_status":"closed","sticky":false,"template":"","format":"standard","meta":{"footnotes":""},"categories":[1],"tags":[],"class_list":["post-3350","post","type-post","status-publish","format-standard","has-post-thumbnail","hentry","category-non-classe"],"_links":{"self":[{"href":"https:\/\/www.haactogo.tg\/index.php?rest_route=\/wp\/v2\/posts\/3350","targetHints":{"allow":["GET"]}}],"collection":[{"href":"https:\/\/www.haactogo.tg\/index.php?rest_route=\/wp\/v2\/posts"}],"about":[{"href":"https:\/\/www.haactogo.tg\/index.php?rest_route=\/wp\/v2\/types\/post"}],"author":[{"embeddable":true,"href":"https:\/\/www.haactogo.tg\/index.php?rest_route=\/wp\/v2\/users\/15"}],"replies":[{"embeddable":true,"href":"https:\/\/www.haactogo.tg\/index.php?rest_route=%2Fwp%2Fv2%2Fcomments&post=3350"}],"version-history":[{"count":2,"href":"https:\/\/www.haactogo.tg\/index.php?rest_route=\/wp\/v2\/posts\/3350\/revisions"}],"predecessor-version":[{"id":3352,"href":"https:\/\/www.haactogo.tg\/index.php?rest_route=\/wp\/v2\/posts\/3350\/revisions\/3352"}],"wp:featuredmedia":[{"embeddable":true,"href":"https:\/\/www.haactogo.tg\/index.php?rest_route=\/wp\/v2\/media\/2449"}],"wp:attachment":[{"href":"https:\/\/www.haactogo.tg\/index.php?rest_route=%2Fwp%2Fv2%2Fmedia&parent=3350"}],"wp:term":[{"taxonomy":"category","embeddable":true,"href":"https:\/\/www.haactogo.tg\/index.php?rest_route=%2Fwp%2Fv2%2Fcategories&post=3350"},{"taxonomy":"post_tag","embeddable":true,"href":"https:\/\/www.haactogo.tg\/index.php?rest_route=%2Fwp%2Fv2%2Ftags&post=3350"}],"curies":[{"name":"wp","href":"https:\/\/api.w.org\/{rel}","templated":true}]}}