{"id":3354,"date":"2017-05-09T13:52:47","date_gmt":"2017-05-09T13:52:47","guid":{"rendered":"http:\/\/www.haactogo.tg\/?p=3354"},"modified":"2017-05-09T13:52:47","modified_gmt":"2017-05-09T13:52:47","slug":"revue-de-presse-n-868-du-09-mai-2017","status":"publish","type":"post","link":"https:\/\/www.haactogo.tg\/?p=3354","title":{"rendered":"Revue de presse N\u00b0 868 du 09 mai 2017"},"content":{"rendered":"<p>Les journaux parus ce mardi \u00e9voquent la visite du pr\u00e9sident ghan\u00e9en au Togo. Ils s\u2019int\u00e9ressent \u00e9galement \u00e0 l\u2019\u00e9lection pr\u00e9sidentielle en France.<\/p>\n<p>Au terme son s\u00e9jour de 72 heures sur le territoire togolais, Nana Akufo Addo et Faure Gnassingb\u00e9 se sont engag\u00e9 \u00e0 dynamiser davantage la coop\u00e9ration entre le Ghana et le Togo. \u00ab En appui au tr\u00e8s bon climat de s\u00e9curit\u00e9 entre les deux pays \u00bb, leur fronti\u00e8re commune sera bient\u00f4t rouverte 24h\/24, informe \u2018\u2019L\u2019Union pour la Patrie\u2019\u2019.<\/p>\n<p>Quid de la question du Togoland ? A en croire \u2018\u2019Golfe Info\u2019\u2019, m\u00eame si le sujet n\u2019a pas \u00e9t\u00e9 ouvertement abord\u00e9, il a \u00ab sans doute pes\u00e9 dans les \u00e9changes \u00bb entre le pr\u00e9sident togolais et son h\u00f4te de marque.<\/p>\n<p>Apr\u00e8s la r\u00e9ception de Nana Akufo Addo, Faure Gnassingb\u00e9 s\u2019est envol\u00e9 pour la Zambie o\u00f9 il effectue une visite de 48 heures, informe \u2018\u2019Forum de la Semaine\u2019\u2019 qui pr\u00e9cise que c\u2019est le tout premier d\u00e9placement du chef de l\u2019Etat togolais dans ce pays. A l\u2019occasion, ajoute le quotidien, les parties zambienne et togolaise \u0153uvreront au renforcement du cadre juridique de la coop\u00e9ration entre les deux pays.<\/p>\n<p>Avant de rallier la Zambie, Faure Gnassingb\u00e9 a adress\u00e9 ses \u00ab tr\u00e8s vives et chaleureuses f\u00e9licitations \u00bb au pr\u00e9sident fra\u00eechement \u00e9lu en France, renseignent \u2018\u2019Le M\u00e9dium\u2019\u2019 et \u2018\u2019Forum de la Semaine\u2019\u2019. \u2018\u2019Libert\u00e9\u2019\u2019 croit savoir que le pr\u00e9sident togolais, selon les sources, est le tout premier \u00e0 f\u00e9liciter Emmanuel Macron. Il a une \u00ab qualit\u00e9 \u00bb que personne ne saura lui d\u00e9nier : il est \u00ab tr\u00e8s prompt \u00e0 envoyer des messages aux dirigeants du monde pour compatir \u00e0 la douleur de leur peuple ou pour les f\u00e9liciter \u00e0 des occasions heureuses \u00bb, ironise le quotidien priv\u00e9. Et d\u2019ajouter qu\u2019 \u00ab en 12 ans de r\u00e8gne au Togo, Faure Gnassingb\u00e9 voit passer quatre pr\u00e9sidents en France \u00bb. <\/p>\n<p>Macron \u00e9lu pr\u00e9sident \u00e0 39 ans, c\u2019est un \u00ab exemple pour la jeunesse \u00bb et une \u00ab le\u00e7on pour les cartouchards \u00bb, souligne pour sa part \u2018\u2019L\u2019Ind\u00e9pendant Express\u2019\u2019. \u2018\u2019Libert\u00e9\u2019\u2019 elle, se demande si le nouvel homme fort de la France peut \u00ab promouvoir les m\u00eames principes et valeurs d\u00e9mocratiques qui l\u2019ont port\u00e9 au pouvoir \u00bb. \u00ab Les Africains pas faits pour laisser le pouvoir ? \u00bb se questionne \u2018\u2019Sika\u2019a\u2019\u2019.<\/p>\n<p>Dans le reste de l\u2019actualit\u00e9 telle que trait\u00e9e par les publications du jour, \u2018\u2019Forum de la Semaine\u2019\u2019 signale que la Coordination des Syndicats de l\u2019Education du Togo (CSET) menace de nouveau d\u2019entrer en gr\u00e8ve reprochant au gouvernement de n\u2019avoir pas revers\u00e9 comme convenu les pr\u00e9comptes aux enseignants gr\u00e9vistes. Autre revendication, le statut particulier. <\/p>\n<p>Selon \u2018\u2019L\u2019Alternative\u2019\u2019, outre les enseignants, les gardiens de prison et les greffiers agitent aussi la menace de recourir aux mouvements de d\u00e9brayage pour exiger que le leur soit une r\u00e9alit\u00e9. Le bihebdomadaire rel\u00e8ve \u00e9galement que le chef de la d\u00e9l\u00e9gation de l\u2019Union Europ\u00e9enne au Togo est sur le d\u00e9part, arriv\u00e9 en fin de mission dans notre pays. <\/p>\n<p>En outre, le tablo\u00efd trouve \u00e0 redire sur l\u2019initiative du HCCRUN de proc\u00e9der \u00e0 des c\u00e9r\u00e9monies de purification du Togo. Pour le journal, il fallait plut\u00f4t chercher \u00e0 \u00ab exorciser les criminels \u00bb. Ces c\u00e9r\u00e9monies sont d\u00e9volues aux \u00e9v\u00eaques. Parlant justement de ces derniers, \u2018\u2019Le M\u00e9dium\u2019\u2019 rapporte qu\u2019ils \u00ab appellent \u00e0 une opposition responsable \u00bb. Cette hom\u00e9lie sera-t-elle entendue ?  La question reste pos\u00e9e.<\/p>\n<p>Dans les rangs de l\u2019opposition togolaise, Gilchrist Olympio. D\u2019apr\u00e8s \u2018\u2019L\u2019Ind\u00e9pendant Express\u2019\u2019, le pr\u00e9sident national de l\u2019UFC qu\u2019il pr\u00e9sente comme \u00ab la cons\u00e9cration de la d\u00e9ception politique et du m\u00e9pris \u00bb serait en train de \u00ab n\u00e9gocier \u00bb le poste de vice-pr\u00e9sident du Togo. L\u2019homme, pr\u00e9cise le confr\u00e8re, \u00ab aurait d\u00e9j\u00e0 mis \u00e0 contribution plusieurs chefs d\u2019Etat de la sous-r\u00e9gion pour convaincre Faure Gnassingb\u00e9 \u00bb pour ce faire.<\/p>\n<p>Par ailleurs, toujours \u2018\u2019L\u2019Ind\u00e9pendant Express\u2019\u2019 explique que \u00ab Atakpam\u00e9 est en col\u00e8re \u00bb apr\u00e8s la d\u00e9coration de Major Kouloum et de son \u00ab milicien \u00bb Adani Kommandan.<\/p>\n<p>Et puis, \u2018\u2019Libert\u00e9\u2019\u2019 note que l\u2019India Institute of Hardware Technology (IIHT), partenaire de CIB-INTA est \u00ab dans la tourmente \u00bb apr\u00e8s le d\u00e9part des enseignants indiens.<\/p>\n<p>Au surplus, le site web \u2018\u2019Togoactu24.com\u2019\u2019 qui se fait l\u2019\u00e9cho d\u2019une publication de \u2018\u2019La Nouvelle\u2019\u2019 sur sa page Facebook r\u00e9v\u00e8le que le pr\u00e9sident de la Cour Constitutionnelle, qui serait \u00ab gravement malade, serait \u00e9vacu\u00e9 en Europe pour recevoir des soins \u00bb. <\/p>\n<p><strong>Le Service de Presse\/HAAC<\/strong><\/p>\n","protected":false},"excerpt":{"rendered":"<p>Les journaux parus ce mardi \u00e9voquent la visite du pr\u00e9sident ghan\u00e9en au Togo. Ils s\u2019int\u00e9ressent \u00e9galement \u00e0 l\u2019\u00e9lection pr\u00e9sidentielle en France. Au terme son s\u00e9jour de 72 heures sur le territoire togolais, Nana Akufo Addo et Faure Gnassingb\u00e9 se sont engag\u00e9 \u00e0 dynamiser davantage la coop\u00e9ration entre le Ghana et le Togo. \u00ab En appui [&hellip;]<\/p>\n","protected":false},"author":15,"featured_media":3003,"comment_status":"open","ping_status":"closed","sticky":false,"template":"","format":"standard","meta":{"footnotes":""},"categories":[1],"tags":[],"class_list":["post-3354","post","type-post","status-publish","format-standard","has-post-thumbnail","hentry","category-non-classe"],"_links":{"self":[{"href":"https:\/\/www.haactogo.tg\/index.php?rest_route=\/wp\/v2\/posts\/3354","targetHints":{"allow":["GET"]}}],"collection":[{"href":"https:\/\/www.haactogo.tg\/index.php?rest_route=\/wp\/v2\/posts"}],"about":[{"href":"https:\/\/www.haactogo.tg\/index.php?rest_route=\/wp\/v2\/types\/post"}],"author":[{"embeddable":true,"href":"https:\/\/www.haactogo.tg\/index.php?rest_route=\/wp\/v2\/users\/15"}],"replies":[{"embeddable":true,"href":"https:\/\/www.haactogo.tg\/index.php?rest_route=%2Fwp%2Fv2%2Fcomments&post=3354"}],"version-history":[{"count":1,"href":"https:\/\/www.haactogo.tg\/index.php?rest_route=\/wp\/v2\/posts\/3354\/revisions"}],"predecessor-version":[{"id":3355,"href":"https:\/\/www.haactogo.tg\/index.php?rest_route=\/wp\/v2\/posts\/3354\/revisions\/3355"}],"wp:featuredmedia":[{"embeddable":true,"href":"https:\/\/www.haactogo.tg\/index.php?rest_route=\/wp\/v2\/media\/3003"}],"wp:attachment":[{"href":"https:\/\/www.haactogo.tg\/index.php?rest_route=%2Fwp%2Fv2%2Fmedia&parent=3354"}],"wp:term":[{"taxonomy":"category","embeddable":true,"href":"https:\/\/www.haactogo.tg\/index.php?rest_route=%2Fwp%2Fv2%2Fcategories&post=3354"},{"taxonomy":"post_tag","embeddable":true,"href":"https:\/\/www.haactogo.tg\/index.php?rest_route=%2Fwp%2Fv2%2Ftags&post=3354"}],"curies":[{"name":"wp","href":"https:\/\/api.w.org\/{rel}","templated":true}]}}