{"id":4690,"date":"2018-11-14T12:53:36","date_gmt":"2018-11-14T12:53:36","guid":{"rendered":"http:\/\/www.haactogo.tg\/?p=4690"},"modified":"2018-11-14T12:53:36","modified_gmt":"2018-11-14T12:53:36","slug":"revue-de-presse-n-1146-du-14-novembre-2018","status":"publish","type":"post","link":"https:\/\/www.haactogo.tg\/?p=4690","title":{"rendered":"Revue de presse N\u00b0 1146 du 14 novembre 2018"},"content":{"rendered":"<p>Le processus \u00e9lectoral en vue des l\u00e9gislatives du 20 d\u00e9cembre 2018 \u00e0 la une de l\u2019actualit\u00e9 dans les journaux parus ce mercredi.<\/p>\n<p>Le tout dernier \u00e9l\u00e9ment de l\u2019actualit\u00e9 reste la sortie des ambassadeurs accr\u00e9dit\u00e9s au Togo. Ainsi que renseigne <strong>\u2018\u2019Le Lib\u00e9ral\u2019\u2019<\/strong>, le groupe des 5 s\u2019est, au travers d\u2019un communiqu\u00e9 rendu public hier prononc\u00e9 sur la situation politique au Togo. Il a notamment appel\u00e9 la C14 \u00e0 saisir l\u2019opportunit\u00e9 offerte par la prolongation des op\u00e9rations de recensement pour faire enr\u00f4ler ses militants dans la perspective du prochain scrutin. Mais peine perdue, la coalition semble se situer sur une longueur d\u2019onde diff\u00e9rente.<\/p>\n<p>Outre le groupe des 5, ajoute l\u2019hebdomadaire, la CEDEAO, par le biais des deux facilitateurs, a publi\u00e9 le relev\u00e9 des conclusions de la rencontre de Conakry et a clairement indiqu\u00e9 le chemin pour une sortie de crise, c\u2019est-\u00e0-dire aller aux urnes le 20 d\u00e9cembre. L\u00e0 encore, ces conclusions n\u2019ont pas trouv\u00e9 un \u00e9cho favorable aupr\u00e8s de la C14. Par sa posture, la coalition <em>\u00ab\u00a0se met \u00e0 dos la communaut\u00e9 internationale\u00a0\u00bb<\/em>, \u00e9crit <strong>\u2018\u2019Le Liberal\u2019\u2019<\/strong>.<\/p>\n<p>La C14 <em>\u00ab\u00a0accuse la CEDEAO\u00a0\u00bb <\/em>de n\u2019avoir pas suffisamment pris en compte ses revendications, <em>\u00ab\u00a0boycotte tout et en appelle \u00e0 des manifestions de rue\u00a0\u00bb<\/em>, mentionnent \u2018<strong>\u2019Dounia le Monde\u2019\u2019<\/strong> et <strong>\u2018\u2019Le Magnan Lib\u00e9r\u00e9\u2019\u2019<\/strong>. Ce regroupement de partis de l\u2019opposition n\u2019a pas autoris\u00e9 ses repr\u00e9sentants \u00e0 pr\u00eater serment hier devant la Cour Constitutionnelle estimant qu\u2019il ne le fera que lorsque <em>\u00ab\u00a0les conditions seront r\u00e9unies\u00a0\u00bb<\/em>.<\/p>\n<p>La coalition, rapportent les confr\u00e8res, demandent entre autres, la reprise du processus \u00e9lectoral, la r\u00e9solution de la question relative \u00e0 la pr\u00e9sidence de la CENI, le r\u00e9ajustement du d\u00e9coupage \u00e9lectoral, l\u2019application pour les prochaines \u00e9lections l\u00e9gislatives du mode de scrutin \u00e0 deux tours et le vote de la diaspora. <em>\u00ab\u00a0Nous n\u2019accepterons pas que la CEDEAO nous am\u00e8ne \u00e0 l\u2019abattoir\u00a0\u00bb<\/em>, soutient la C14 dans des d\u00e9clarations de ses responsables rapport\u00e9es par <strong>\u2018\u2019Libert\u00e9\u2019\u2019<\/strong> et \u2018<strong>\u2019La D\u00e9p\u00eache\u2019\u2019<\/strong>.\u00a0 <em>\u00ab\u00a0Il faut \u00eatre fou pour aller\u00a0\u00bb <\/em>pr\u00eater serment et prendre part aux l\u00e9gislatives, rench\u00e9rit Jean-Pierre Fabre dans les colonnes de <strong>\u2018\u2019La Lanterne\u2019\u2019<\/strong>.<\/p>\n<p>Pour <strong>\u2018\u2019La D\u00e9p\u00eache\u2019\u2019<\/strong>, la CEDEAO joue un <em>\u00ab\u00a0r\u00f4le ambigu\u00a0\u00bb<\/em> dans la r\u00e9solution de la crise politique togolaise. L\u2019hebdomadaire croit savoir l\u2019organisation communautaire <em>\u00ab\u00a0roule pour le pr\u00e9sident Faure Gnassingb\u00e9\u00a0\u00bb<\/em>. De son c\u00f4t\u00e9, <strong>\u2018\u2019Libert\u00e9\u2019\u2019<\/strong> fait observer que <em>\u00ab\u00a0la CEDEAO\u00a0avait promis des \u00e9lections l\u00e9gislatives transparentes, \u00e9quitables et cr\u00e9dibles mais \u00e0 l\u2019arriv\u00e9e ces \u00e9lections sont en train de prendre d\u2019autres couleurs et n\u2019annoncent rien de bon\u00a0\u00bb<\/em>. Dans tous les cas, <em>\u00ab\u00a0pour sa cr\u00e9dibilit\u00e9, la CEDEAO doit r\u00e9ussir sa mission au Togo\u00a0\u00bb<\/em>, commente <strong>\u2018\u2019Togonyigba\u2019\u2019<\/strong>. Quant \u00e0 <strong>\u2018\u2019Le Magnan Lib\u00e9r\u00e9\u2019\u2019<\/strong>, il constate que <em>\u00ab\u00a0la C14 traine le nom d\u2019Alpha Cond\u00e9 dans la boue\u00a0\u00bb<\/em>. Le facilitateur guin\u00e9en est <em>\u00ab\u00a0le souffre-douleur de la C14\u00a0\u00bb<\/em>, note <strong>\u2018\u2019Le Dialogue\u2019\u2019<\/strong>. <em>\u00ab\u00a0Que peut apprendre au Togo Alpha Cond\u00e9 quand sa propre case br\u00fble\u00a0\u00bb<\/em>, \u00e9crit <strong>\u2018\u2019La Lanterne\u2019\u2019<\/strong>.<\/p>\n<p>Qu\u2019\u00e0 cela ne tienne, la coalition commet une <em>\u00ab\u00a0grave erreur\u00a0\u00bb <\/em>en voulant boycotter les prochaines \u00e9lections. <em>\u00ab\u00a0On risque, si le boycott est consomm\u00e9, de revivre les \u00e9v\u00e8nements des ann\u00e9es 2002 avec une Assembl\u00e9e monocolore favorable au pouvoir et pr\u00eate \u00e0 op\u00e9rer les r\u00e9formes et ceci sans l\u2019opposition comme le 31 d\u00e9cembre 2002\u00a0\u00bb<\/em>, analyse <strong>\u2018\u2019Le Lib\u00e9ral\u2019\u2019<\/strong>. Et l\u00e0 on sera dans une situation o\u00f9 <em>\u00ab\u00a0le pouvoir va gouverner et se contr\u00f4ler lui-m\u00eame\u00a0\u00bb<\/em>, rench\u00e9rit \u2018<strong>\u2019Togomatin\u2019<\/strong>\u2019.<\/p>\n<p>En outre, <strong>\u2018\u2019Kamgou\u2019\u2019<\/strong> estime qu\u2019il y a <em>\u00ab\u00a0n\u00e9cessit\u00e9 de renouveler la classe politique togolaise\u00a0\u00bb<\/em>.<\/p>\n<p><strong>Le Service de Presse\/HAAC<\/strong><\/p>\n","protected":false},"excerpt":{"rendered":"<p>Le processus \u00e9lectoral en vue des l\u00e9gislatives du 20 d\u00e9cembre 2018 \u00e0 la une de l\u2019actualit\u00e9 dans les journaux parus ce mercredi. Le tout dernier \u00e9l\u00e9ment de l\u2019actualit\u00e9 reste la sortie des ambassadeurs accr\u00e9dit\u00e9s au Togo. Ainsi que renseigne \u2018\u2019Le Lib\u00e9ral\u2019\u2019, le groupe des 5 s\u2019est, au travers d\u2019un communiqu\u00e9 rendu public hier prononc\u00e9 sur [&hellip;]<\/p>\n","protected":false},"author":15,"featured_media":4243,"comment_status":"open","ping_status":"closed","sticky":false,"template":"","format":"standard","meta":{"footnotes":""},"categories":[1],"tags":[],"class_list":["post-4690","post","type-post","status-publish","format-standard","has-post-thumbnail","hentry","category-non-classe"],"_links":{"self":[{"href":"https:\/\/www.haactogo.tg\/index.php?rest_route=\/wp\/v2\/posts\/4690","targetHints":{"allow":["GET"]}}],"collection":[{"href":"https:\/\/www.haactogo.tg\/index.php?rest_route=\/wp\/v2\/posts"}],"about":[{"href":"https:\/\/www.haactogo.tg\/index.php?rest_route=\/wp\/v2\/types\/post"}],"author":[{"embeddable":true,"href":"https:\/\/www.haactogo.tg\/index.php?rest_route=\/wp\/v2\/users\/15"}],"replies":[{"embeddable":true,"href":"https:\/\/www.haactogo.tg\/index.php?rest_route=%2Fwp%2Fv2%2Fcomments&post=4690"}],"version-history":[{"count":1,"href":"https:\/\/www.haactogo.tg\/index.php?rest_route=\/wp\/v2\/posts\/4690\/revisions"}],"predecessor-version":[{"id":4691,"href":"https:\/\/www.haactogo.tg\/index.php?rest_route=\/wp\/v2\/posts\/4690\/revisions\/4691"}],"wp:featuredmedia":[{"embeddable":true,"href":"https:\/\/www.haactogo.tg\/index.php?rest_route=\/wp\/v2\/media\/4243"}],"wp:attachment":[{"href":"https:\/\/www.haactogo.tg\/index.php?rest_route=%2Fwp%2Fv2%2Fmedia&parent=4690"}],"wp:term":[{"taxonomy":"category","embeddable":true,"href":"https:\/\/www.haactogo.tg\/index.php?rest_route=%2Fwp%2Fv2%2Fcategories&post=4690"},{"taxonomy":"post_tag","embeddable":true,"href":"https:\/\/www.haactogo.tg\/index.php?rest_route=%2Fwp%2Fv2%2Ftags&post=4690"}],"curies":[{"name":"wp","href":"https:\/\/api.w.org\/{rel}","templated":true}]}}